{"id":2853,"date":"2026-03-13T10:42:28","date_gmt":"2026-03-13T09:42:28","guid":{"rendered":"https:\/\/www.europacaorle.it\/?p=2853"},"modified":"2026-03-13T10:55:15","modified_gmt":"2026-03-13T09:55:15","slug":"promo-flash-di-primavera","status":"publish","type":"post","link":"https:\/\/www.europacaorle.it\/it\/blog\/2026\/03\/13\/promo-flash-di-primavera\/","title":{"rendered":"Promo Flash di Primavera"},"content":{"rendered":"\n<p>Solo per pochi giorni, un&#8217;offerta imperdibile<\/p>\n\n\n\n<!--more-->\n\n\n\n<p>La vacanza a <strong>Maggio <\/strong>\u00e8 speciale all&#8217;Hotel Europa. Per questo abbiamo pensato ad una promozione del tutto eccezionale per chi raggiunger\u00e0 Caorle in questo bellissimo mese.<\/p>\n\n\n\n<p>Vivere il mare prima di tutti ha molti vantaggi:<\/p>\n\n\n\n<ul class=\"wp-block-list\">\n<li>passeggiare per le calli di Caorle senza stress<\/li>\n\n\n\n<li>la prima tintarella<\/li>\n\n\n\n<li>un tuffo in piscina direttamente sul mare<\/li>\n\n\n\n<li>al tramonto, ogni sera, il pi\u00f9 romantico degli aperitivi con il sole che bacia il mare<\/li>\n<\/ul>\n\n\n\n<h2 class=\"wp-block-heading\">Soggiorna <strong>2 notti<\/strong> nei periodi <\/h2>\n\n\n\n<p>dal <span style=\"\" class=\"has-inline-color has-vivid-red-color\"><strong>14.05 al 22.05.2026<\/strong><\/span><\/p>\n\n\n\n<p><strong>&#8211; 10% <\/strong>cumulabile con l\u2019offerta \u201cPi\u00f9 stai Pi\u00f9 risparmi&#8221; gi\u00e0 in vigore<\/p>\n\n\n\n<p>dal <mark style=\"background-color:rgba(0, 0, 0, 0)\" class=\"has-inline-color has-vivid-red-color\"><strong>23.05 al 03.06.2026<\/strong><\/mark> (out)<\/p>\n\n\n\n<p><strong>&#8211; 5% <\/strong>cumulabile con l\u2019offerta \u201cPi\u00f9 stai Pi\u00f9 risparmi&#8221; gi\u00e0 in vigore<\/p>\n\n\n\n<p><mark style=\"background-color:rgba(0, 0, 0, 0)\" class=\"has-inline-color has-white-color\">.<\/mark><\/p>\n\n\n\n<p><em>Offerta soggetta a disponibilit\u00e0 dell&#8217;Hotel.<\/em><\/p>\n","protected":false},"excerpt":{"rendered":"<p>Solo per pochi giorni, un&#8217;offerta imperdibile<\/p>\n","protected":false},"author":2,"featured_media":2854,"comment_status":"closed","ping_status":"open","sticky":false,"template":"","format":"standard","meta":{"_acf_changed":false,"footnotes":""},"categories":[23],"tags":[],"class_list":["post-2853","post","type-post","status-publish","format-standard","has-post-thumbnail","hentry","category-offerte-e-pacchetti"],"acf":[],"yoast_head":"<!-- This site is optimized with the Yoast SEO plugin v27.0 - https:\/\/yoast.com\/product\/yoast-seo-wordpress\/ -->\n<title>Promo Flash di Primavera - Hotel Europa<\/title>\n<meta name=\"robots\" content=\"index, follow, max-snippet:-1, max-image-preview:large, max-video-preview:-1\" \/>\n<link rel=\"canonical\" href=\"https:\/\/www.europacaorle.it\/it\/blog\/2026\/03\/13\/promo-flash-di-primavera\/\" \/>\n<meta property=\"og:locale\" content=\"it_IT\" \/>\n<meta property=\"og:type\" content=\"article\" \/>\n<meta property=\"og:title\" content=\"Promo Flash di Primavera - Hotel Europa\" \/>\n<meta property=\"og:description\" content=\"Solo per pochi giorni, un&#8217;offerta imperdibile\" \/>\n<meta property=\"og:url\" content=\"https:\/\/www.europacaorle.it\/it\/blog\/2026\/03\/13\/promo-flash-di-primavera\/\" \/>\n<meta property=\"og:site_name\" content=\"Hotel Europa\" \/>\n<meta property=\"article:published_time\" content=\"2026-03-13T09:42:28+00:00\" \/>\n<meta property=\"article:modified_time\" content=\"2026-03-13T09:55:15+00:00\" \/>\n<meta property=\"og:image\" content=\"https:\/\/www.europacaorle.it\/wp-content\/uploads\/2026\/03\/Esterni-Caorle27.jpg\" \/>\n\t<meta property=\"og:image:width\" content=\"1500\" \/>\n\t<meta property=\"og:image:height\" content=\"1000\" \/>\n\t<meta property=\"og:image:type\" content=\"image\/jpeg\" \/>\n<meta name=\"author\" content=\"Paola Visentin\" \/>\n<meta name=\"twitter:card\" content=\"summary_large_image\" \/>\n<meta name=\"twitter:label1\" content=\"Scritto da\" \/>\n\t<meta name=\"twitter:data1\" content=\"Paola Visentin\" \/>\n\t<meta name=\"twitter:label2\" content=\"Tempo di lettura stimato\" \/>\n\t<meta name=\"twitter:data2\" content=\"1 minuto\" \/>\n<script type=\"application\/ld+json\" class=\"yoast-schema-graph\">{\"@context\":\"https:\/\/schema.org\",\"@graph\":[{\"@type\":\"Article\",\"@id\":\"https:\/\/www.europacaorle.it\/it\/blog\/2026\/03\/13\/promo-flash-di-primavera\/#article\",\"isPartOf\":{\"@id\":\"https:\/\/www.europacaorle.it\/it\/blog\/2026\/03\/13\/promo-flash-di-primavera\/\"},\"author\":{\"name\":\"Paola Visentin\",\"@id\":\"https:\/\/www.europacaorle.it\/it\/#\/schema\/person\/e2444188bbef9206d9e3a173e1214832\"},\"headline\":\"Promo Flash di Primavera\",\"datePublished\":\"2026-03-13T09:42:28+00:00\",\"dateModified\":\"2026-03-13T09:55:15+00:00\",\"mainEntityOfPage\":{\"@id\":\"https:\/\/www.europacaorle.it\/it\/blog\/2026\/03\/13\/promo-flash-di-primavera\/\"},\"wordCount\":119,\"image\":{\"@id\":\"https:\/\/www.europacaorle.it\/it\/blog\/2026\/03\/13\/promo-flash-di-primavera\/#primaryimage\"},\"thumbnailUrl\":\"https:\/\/www.europacaorle.it\/wp-content\/uploads\/2026\/03\/Esterni-Caorle27.jpg\",\"articleSection\":[\"Pacchetti Offerta\"],\"inLanguage\":\"it-IT\"},{\"@type\":\"WebPage\",\"@id\":\"https:\/\/www.europacaorle.it\/it\/blog\/2026\/03\/13\/promo-flash-di-primavera\/\",\"url\":\"https:\/\/www.europacaorle.it\/it\/blog\/2026\/03\/13\/promo-flash-di-primavera\/\",\"name\":\"Promo Flash di Primavera - Hotel Europa\",\"isPartOf\":{\"@id\":\"https:\/\/www.europacaorle.it\/it\/#website\"},\"primaryImageOfPage\":{\"@id\":\"https:\/\/www.europacaorle.it\/it\/blog\/2026\/03\/13\/promo-flash-di-primavera\/#primaryimage\"},\"image\":{\"@id\":\"https:\/\/www.europacaorle.it\/it\/blog\/2026\/03\/13\/promo-flash-di-primavera\/#primaryimage\"},\"thumbnailUrl\":\"https:\/\/www.europacaorle.it\/wp-content\/uploads\/2026\/03\/Esterni-Caorle27.jpg\",\"datePublished\":\"2026-03-13T09:42:28+00:00\",\"dateModified\":\"2026-03-13T09:55:15+00:00\",\"author\":{\"@id\":\"https:\/\/www.europacaorle.it\/it\/#\/schema\/person\/e2444188bbef9206d9e3a173e1214832\"},\"breadcrumb\":{\"@id\":\"https:\/\/www.europacaorle.it\/it\/blog\/2026\/03\/13\/promo-flash-di-primavera\/#breadcrumb\"},\"inLanguage\":\"it-IT\",\"potentialAction\":[{\"@type\":\"ReadAction\",\"target\":[\"https:\/\/www.europacaorle.it\/it\/blog\/2026\/03\/13\/promo-flash-di-primavera\/\"]}]},{\"@type\":\"ImageObject\",\"inLanguage\":\"it-IT\",\"@id\":\"https:\/\/www.europacaorle.it\/it\/blog\/2026\/03\/13\/promo-flash-di-primavera\/#primaryimage\",\"url\":\"https:\/\/www.europacaorle.it\/wp-content\/uploads\/2026\/03\/Esterni-Caorle27.jpg\",\"contentUrl\":\"https:\/\/www.europacaorle.it\/wp-content\/uploads\/2026\/03\/Esterni-Caorle27.jpg\",\"width\":1500,\"height\":1000},{\"@type\":\"BreadcrumbList\",\"@id\":\"https:\/\/www.europacaorle.it\/it\/blog\/2026\/03\/13\/promo-flash-di-primavera\/#breadcrumb\",\"itemListElement\":[{\"@type\":\"ListItem\",\"position\":1,\"name\":\"Home\",\"item\":\"https:\/\/www.europacaorle.it\/it\/\"},{\"@type\":\"ListItem\",\"position\":2,\"name\":\"Promo Flash di Primavera\"}]},{\"@type\":\"WebSite\",\"@id\":\"https:\/\/www.europacaorle.it\/it\/#website\",\"url\":\"https:\/\/www.europacaorle.it\/it\/\",\"name\":\"Hotel Europa\",\"description\":\"Relax direttamente sulla spiaggia\",\"potentialAction\":[{\"@type\":\"SearchAction\",\"target\":{\"@type\":\"EntryPoint\",\"urlTemplate\":\"https:\/\/www.europacaorle.it\/it\/?s={search_term_string}\"},\"query-input\":{\"@type\":\"PropertyValueSpecification\",\"valueRequired\":true,\"valueName\":\"search_term_string\"}}],\"inLanguage\":\"it-IT\"},{\"@type\":\"Person\",\"@id\":\"https:\/\/www.europacaorle.it\/it\/#\/schema\/person\/e2444188bbef9206d9e3a173e1214832\",\"name\":\"Paola Visentin\",\"url\":\"https:\/\/www.europacaorle.it\/it\/blog\/author\/lampoeditor\/\"}]}<\/script>\n<!-- \/ Yoast SEO plugin. -->","yoast_head_json":{"title":"Promo Flash di Primavera - Hotel Europa","robots":{"index":"index","follow":"follow","max-snippet":"max-snippet:-1","max-image-preview":"max-image-preview:large","max-video-preview":"max-video-preview:-1"},"canonical":"https:\/\/www.europacaorle.it\/it\/blog\/2026\/03\/13\/promo-flash-di-primavera\/","og_locale":"it_IT","og_type":"article","og_title":"Promo Flash di Primavera - Hotel Europa","og_description":"Solo per pochi giorni, un&#8217;offerta imperdibile","og_url":"https:\/\/www.europacaorle.it\/it\/blog\/2026\/03\/13\/promo-flash-di-primavera\/","og_site_name":"Hotel Europa","article_published_time":"2026-03-13T09:42:28+00:00","article_modified_time":"2026-03-13T09:55:15+00:00","og_image":[{"width":1500,"height":1000,"url":"https:\/\/www.europacaorle.it\/wp-content\/uploads\/2026\/03\/Esterni-Caorle27.jpg","type":"image\/jpeg"}],"author":"Paola Visentin","twitter_card":"summary_large_image","twitter_misc":{"Scritto da":"Paola Visentin","Tempo di lettura stimato":"1 minuto"},"schema":{"@context":"https:\/\/schema.org","@graph":[{"@type":"Article","@id":"https:\/\/www.europacaorle.it\/it\/blog\/2026\/03\/13\/promo-flash-di-primavera\/#article","isPartOf":{"@id":"https:\/\/www.europacaorle.it\/it\/blog\/2026\/03\/13\/promo-flash-di-primavera\/"},"author":{"name":"Paola Visentin","@id":"https:\/\/www.europacaorle.it\/it\/#\/schema\/person\/e2444188bbef9206d9e3a173e1214832"},"headline":"Promo Flash di Primavera","datePublished":"2026-03-13T09:42:28+00:00","dateModified":"2026-03-13T09:55:15+00:00","mainEntityOfPage":{"@id":"https:\/\/www.europacaorle.it\/it\/blog\/2026\/03\/13\/promo-flash-di-primavera\/"},"wordCount":119,"image":{"@id":"https:\/\/www.europacaorle.it\/it\/blog\/2026\/03\/13\/promo-flash-di-primavera\/#primaryimage"},"thumbnailUrl":"https:\/\/www.europacaorle.it\/wp-content\/uploads\/2026\/03\/Esterni-Caorle27.jpg","articleSection":["Pacchetti Offerta"],"inLanguage":"it-IT"},{"@type":"WebPage","@id":"https:\/\/www.europacaorle.it\/it\/blog\/2026\/03\/13\/promo-flash-di-primavera\/","url":"https:\/\/www.europacaorle.it\/it\/blog\/2026\/03\/13\/promo-flash-di-primavera\/","name":"Promo Flash di Primavera - Hotel Europa","isPartOf":{"@id":"https:\/\/www.europacaorle.it\/it\/#website"},"primaryImageOfPage":{"@id":"https:\/\/www.europacaorle.it\/it\/blog\/2026\/03\/13\/promo-flash-di-primavera\/#primaryimage"},"image":{"@id":"https:\/\/www.europacaorle.it\/it\/blog\/2026\/03\/13\/promo-flash-di-primavera\/#primaryimage"},"thumbnailUrl":"https:\/\/www.europacaorle.it\/wp-content\/uploads\/2026\/03\/Esterni-Caorle27.jpg","datePublished":"2026-03-13T09:42:28+00:00","dateModified":"2026-03-13T09:55:15+00:00","author":{"@id":"https:\/\/www.europacaorle.it\/it\/#\/schema\/person\/e2444188bbef9206d9e3a173e1214832"},"breadcrumb":{"@id":"https:\/\/www.europacaorle.it\/it\/blog\/2026\/03\/13\/promo-flash-di-primavera\/#breadcrumb"},"inLanguage":"it-IT","potentialAction":[{"@type":"ReadAction","target":["https:\/\/www.europacaorle.it\/it\/blog\/2026\/03\/13\/promo-flash-di-primavera\/"]}]},{"@type":"ImageObject","inLanguage":"it-IT","@id":"https:\/\/www.europacaorle.it\/it\/blog\/2026\/03\/13\/promo-flash-di-primavera\/#primaryimage","url":"https:\/\/www.europacaorle.it\/wp-content\/uploads\/2026\/03\/Esterni-Caorle27.jpg","contentUrl":"https:\/\/www.europacaorle.it\/wp-content\/uploads\/2026\/03\/Esterni-Caorle27.jpg","width":1500,"height":1000},{"@type":"BreadcrumbList","@id":"https:\/\/www.europacaorle.it\/it\/blog\/2026\/03\/13\/promo-flash-di-primavera\/#breadcrumb","itemListElement":[{"@type":"ListItem","position":1,"name":"Home","item":"https:\/\/www.europacaorle.it\/it\/"},{"@type":"ListItem","position":2,"name":"Promo Flash di Primavera"}]},{"@type":"WebSite","@id":"https:\/\/www.europacaorle.it\/it\/#website","url":"https:\/\/www.europacaorle.it\/it\/","name":"Hotel Europa","description":"Relax direttamente sulla spiaggia","potentialAction":[{"@type":"SearchAction","target":{"@type":"EntryPoint","urlTemplate":"https:\/\/www.europacaorle.it\/it\/?s={search_term_string}"},"query-input":{"@type":"PropertyValueSpecification","valueRequired":true,"valueName":"search_term_string"}}],"inLanguage":"it-IT"},{"@type":"Person","@id":"https:\/\/www.europacaorle.it\/it\/#\/schema\/person\/e2444188bbef9206d9e3a173e1214832","name":"Paola Visentin","url":"https:\/\/www.europacaorle.it\/it\/blog\/author\/lampoeditor\/"}]}},"_links":{"self":[{"href":"https:\/\/www.europacaorle.it\/it\/wp-json\/wp\/v2\/posts\/2853","targetHints":{"allow":["GET"]}}],"collection":[{"href":"https:\/\/www.europacaorle.it\/it\/wp-json\/wp\/v2\/posts"}],"about":[{"href":"https:\/\/www.europacaorle.it\/it\/wp-json\/wp\/v2\/types\/post"}],"author":[{"embeddable":true,"href":"https:\/\/www.europacaorle.it\/it\/wp-json\/wp\/v2\/users\/2"}],"replies":[{"embeddable":true,"href":"https:\/\/www.europacaorle.it\/it\/wp-json\/wp\/v2\/comments?post=2853"}],"version-history":[{"count":7,"href":"https:\/\/www.europacaorle.it\/it\/wp-json\/wp\/v2\/posts\/2853\/revisions"}],"predecessor-version":[{"id":2864,"href":"https:\/\/www.europacaorle.it\/it\/wp-json\/wp\/v2\/posts\/2853\/revisions\/2864"}],"wp:featuredmedia":[{"embeddable":true,"href":"https:\/\/www.europacaorle.it\/it\/wp-json\/wp\/v2\/media\/2854"}],"wp:attachment":[{"href":"https:\/\/www.europacaorle.it\/it\/wp-json\/wp\/v2\/media?parent=2853"}],"wp:term":[{"taxonomy":"category","embeddable":true,"href":"https:\/\/www.europacaorle.it\/it\/wp-json\/wp\/v2\/categories?post=2853"},{"taxonomy":"post_tag","embeddable":true,"href":"https:\/\/www.europacaorle.it\/it\/wp-json\/wp\/v2\/tags?post=2853"}],"curies":[{"name":"wp","href":"https:\/\/api.w.org\/{rel}","templated":true}]}}